{"id":384,"date":"2025-01-26T00:00:00","date_gmt":"2025-01-26T00:00:00","guid":{"rendered":"https:\/\/bentkowski.com.pl\/?p=384"},"modified":"2025-02-24T14:05:55","modified_gmt":"2025-02-24T14:05:55","slug":"czarne-trencze-ponadczasowy-wybor-na-kazda-pore","status":"publish","type":"post","link":"https:\/\/bentkowski.com.pl\/ro\/czarne-trencze-ponadczasowy-wybor-na-kazda-pore\/","title":{"rendered":"Trenciuri negre: o alegere atemporal\u0103 pentru orice sezon"},"content":{"rendered":"<div class=\"kk-star-ratings kksr-auto kksr-align-left kksr-valign-top\"\n    data-payload='{&quot;align&quot;:&quot;left&quot;,&quot;id&quot;:&quot;384&quot;,&quot;slug&quot;:&quot;default&quot;,&quot;valign&quot;:&quot;top&quot;,&quot;ignore&quot;:&quot;&quot;,&quot;reference&quot;:&quot;auto&quot;,&quot;class&quot;:&quot;&quot;,&quot;count&quot;:&quot;0&quot;,&quot;legendonly&quot;:&quot;&quot;,&quot;readonly&quot;:&quot;&quot;,&quot;score&quot;:&quot;0&quot;,&quot;starsonly&quot;:&quot;&quot;,&quot;best&quot;:&quot;5&quot;,&quot;gap&quot;:&quot;5&quot;,&quot;greet&quot;:&quot;&quot;,&quot;legend&quot;:&quot;0\\\/5 - (0 votes)&quot;,&quot;size&quot;:&quot;24&quot;,&quot;title&quot;:&quot;Czarne trencze: ponadczasowy wyb\u00f3r na ka\u017cd\u0105 por\u0119&quot;,&quot;width&quot;:&quot;0&quot;,&quot;_legend&quot;:&quot;{score}\\\/{best} - ({count} {votes})&quot;,&quot;font_factor&quot;:&quot;1.25&quot;}'>\n            \n<div class=\"kksr-stars\">\n    \n<div class=\"kksr-stars-inactive\">\n            <div class=\"kksr-star\" data-star=\"1\" style=\"padding-right: 5px\">\n            \n\n<div class=\"kksr-icon\" style=\"width: 24px; height: 24px;\"><\/div>\n        <\/div>\n            <div class=\"kksr-star\" data-star=\"2\" style=\"padding-right: 5px\">\n            \n\n<div class=\"kksr-icon\" style=\"width: 24px; height: 24px;\"><\/div>\n        <\/div>\n            <div class=\"kksr-star\" data-star=\"3\" style=\"padding-right: 5px\">\n            \n\n<div class=\"kksr-icon\" style=\"width: 24px; height: 24px;\"><\/div>\n        <\/div>\n            <div class=\"kksr-star\" data-star=\"4\" style=\"padding-right: 5px\">\n            \n\n<div class=\"kksr-icon\" style=\"width: 24px; height: 24px;\"><\/div>\n        <\/div>\n            <div class=\"kksr-star\" data-star=\"5\" style=\"padding-right: 5px\">\n            \n\n<div class=\"kksr-icon\" style=\"width: 24px; height: 24px;\"><\/div>\n        <\/div>\n    <\/div>\n    \n<div class=\"kksr-stars-active\" style=\"width: 0px;\">\n            <div class=\"kksr-star\" style=\"padding-right: 5px\">\n            \n\n<div class=\"kksr-icon\" style=\"width: 24px; height: 24px;\"><\/div>\n        <\/div>\n            <div class=\"kksr-star\" style=\"padding-right: 5px\">\n            \n\n<div class=\"kksr-icon\" style=\"width: 24px; height: 24px;\"><\/div>\n        <\/div>\n            <div class=\"kksr-star\" style=\"padding-right: 5px\">\n            \n\n<div class=\"kksr-icon\" style=\"width: 24px; height: 24px;\"><\/div>\n        <\/div>\n            <div class=\"kksr-star\" style=\"padding-right: 5px\">\n            \n\n<div class=\"kksr-icon\" style=\"width: 24px; height: 24px;\"><\/div>\n        <\/div>\n            <div class=\"kksr-star\" style=\"padding-right: 5px\">\n            \n\n<div class=\"kksr-icon\" style=\"width: 24px; height: 24px;\"><\/div>\n        <\/div>\n    <\/div>\n<\/div>\n                \n\n<div class=\"kksr-legend\" style=\"font-size: 19.2px;\">\n            <span class=\"kksr-muted\"><\/span>\n    <\/div>\n    <\/div>\n<p>Trench-urile negre sunt una dintre acele piese vestimentare care nu numai c\u0103 nu \u00ee\u0219i pierd popularitatea de-a lungul anilor, dar chiar c\u00e2\u0219tig\u0103 \u00een importan\u021b\u0103. Elegan\u021ba \u0219i versatilitatea lor le fac o alegere excelent\u0103 pentru orice sezon. Fie c\u0103 te \u00eembraci pentru o \u00eent\u00e2lnire casual cu prietenii sau te confrun\u021bi cu provocarea unei petreceri formale, un trench negru va ad\u0103uga clas\u0103 \u0219i stil look-ului t\u0103u. Cu detalii unice, cum ar fi nasturi, curea \u0219i o varietate de materiale, un trench negru atrage aten\u021bia \u0219i \u00ee\u021bi accentueaz\u0103 stilul individual. Merit\u0103 s\u0103 te g\u00e2nde\u0219ti cum s\u0103 \u00eel \u00eencorporezi cel mai bine \u00een stilul t\u0103u de zi cu zi pentru a ie\u0219i \u00een eviden\u021b\u0103. \u00cen acest articol, vom descoperi secretele trench-urilor negre \u0219i vom \u00eenv\u0103\u021ba cum s\u0103 le por\u021bi pe tot parcursul anului.<\/p>\n<h2>Istoria trenchului negru<\/h2>\n<p><img decoding=\"async\" alt=\"M\u0142ody m\u0119\u017cczyzna w czarnym p\u0142aszczu, stoj\u0105cy w kawiarnianym otoczeniu z ro\u015blinami w tle.\" src=\"https:\/\/bentkowski.com.pl\/wp-content\/uploads\/image3084299672b84868ae7ae1022c290eed.png\"\/><\/p>\n<p>Trenciurile negre \u00ee\u0219i au r\u0103d\u0103cinile \u00een secolul al XIX-lea, c\u00e2nd erau purtate \u00een principal de solda\u021bi. Popularitatea lor a crescut \u00een r\u00e2ndul arti\u0219tilor \u0219i intelectualilor, care le vedeau ca pe un simbol al rebeliunii \u0219i modernit\u0103\u021bii. De-a lungul anilor, trenciurile au devenit un element extrem de la mod\u0103, \u00eenscriindu-se permanent \u00een canoanele lumii modei. Croiala \u0219i materialul unice au f\u0103cut ca trenciurile negre s\u0103 c\u00e2\u0219tige recunoa\u0219tere nu doar \u00een moda de zi cu zi, ci \u0219i pe podiumurile haute couture. \u00cenc\u0103 din anii 1960, trenciul negru a c\u00e2\u0219tigat statutul de icoan\u0103 de stil, c\u00e2\u0219tig\u00e2nd popularitate \u00een r\u00e2ndul vedetelor \u0219i fashionistelor. A ap\u0103rut pe paginile revistelor de mod\u0103, fiind o inspira\u021bie pentru mul\u021bi designeri.<\/p>\n<h2>De ce sunt trench-urile negre atemporale?<\/h2>\n<p>Trench-urile negre sunt o pies\u0103 vestimentar\u0103 care nu se demodeaz\u0103 niciodat\u0103. Culoarea lor universal\u0103 le face incredibil de u\u0219or de stilizat. Sunt mai potrivite dec\u00e2t majoritatea celorlalte articole vestimentare, deoarece pot fi purtate tot timpul anului, ceea ce le transform\u0103 \u00eentr-o investi\u021bie pe termen lung. \u00cen plus, un trench negru poate fi purtat \u00eentr-o varietate de moduri, ceea ce ofer\u0103 posibilit\u0103\u021bi nelimitate de creare a combina\u021biilor. Stilul \u0219i elegan\u021ba care eman\u0103 din fiecare trench v\u0103 vor asigura c\u0103 v\u0103 sim\u021bi\u021bi special\u0103 \u00een fiecare situa\u021bie. De asemenea, merit\u0103 ad\u0103ugat c\u0103 trench-urile negre se potrivesc oric\u0103rei siluete \u0219i stiluri.<\/p>\n<h3>Stil \u0219i elegan\u021b\u0103<\/h3>\n<p>Nu exist\u0103 nicio \u00eendoial\u0103 c\u0103 un trench negru adaug\u0103 o not\u0103 de elegan\u021b\u0103 oric\u0103rei \u021binute. \u00cel po\u021bi purta \u00eentr-o varietate de moduri, de la formal la complet casual. Iat\u0103 c\u00e2teva idei de stil cu un trench negru:<\/p>\n<ul>\n<li>Pentru birou: trench negru cu o bluz\u0103 clasic\u0103 \u0219i pantaloni plisa\u021bi.<\/li>\n<li>Pentru o \u00eent\u00e2lnire: trench negru cu o rochie elegant\u0103 \u0219i pantofi cu toc.<\/li>\n<li>Zilnic: trench negru cu blugi \u0219i tricou.<\/li>\n<\/ul>\n<h3>Versatilitate<\/h3>\n<p>Unul dintre avantajele cheie ale trench-urilor negre este versatilitatea lor. Datorit\u0103 culorii lor atemporale, acestea pot fi combinate cu multe alte nuan\u021be \u0219i modele. Pe l\u00e2ng\u0103 c\u0103m\u0103\u0219ile \u0219i blugii albi clasici, un trench negru poate fi combinat cu:<\/p>\n<ul>\n<li>Culori pastelate pentru prim\u0103var\u0103.<\/li>\n<li>Culori puternice, contrastante, vara.<\/li>\n<li>Haine \u00een nuan\u021be neutre toamna \u0219i iarna.<\/li>\n<\/ul>\n<h2>Cum s\u0103 por\u021bi un trench negru \u00een diferite anotimpuri?<\/h2>\n<p>Trench-urile negre sunt grozave pentru diferite anotimpuri, iar caracterul \u0219i stilul lor pot fi adaptate sezonului. Prim\u0103vara \u0219i vara, sunt potrivite ca o p\u0103turic\u0103 u\u0219oar\u0103 peste rochiile maxi, iar toamna \u0219i iarna, pot fi purtate \u00een straturi, ceea ce adaug\u0103 stil \u0219i c\u0103ldur\u0103.<\/p>\n<h3>Stil de prim\u0103var\u0103-var\u0103<\/h3>\n<p>Vara, un trench negru poate fi un accent excelent pentru rochii \u0219i pantaloni scur\u021bi. Alege materiale u\u0219oare, care vor oferi confort, fiind \u00een acela\u0219i timp elegante. De asemenea, po\u021bi ad\u0103uga accesorii colorate pentru a \u00eenviora \u00eentregul stil. Iat\u0103 c\u00e2teva exemple de \u021binute:<\/p>\n<table border=\"1\">\n<tr>\n<th>Stilizare<\/th>\n<th>Elemente<\/th>\n<\/tr>\n<tr>\n<td>\u00cen fiecare zi<\/td>\n<td>Trench, blugi, tricou, adida\u0219i<\/td>\n<\/tr>\n<tr>\n<td>Elegant<\/td>\n<td>Trench, rochie, tocuri<\/td>\n<\/tr>\n<tr>\n<td>Casual<\/td>\n<td>Trench, fust\u0103, maiou<\/td>\n<\/tr>\n<\/table>\n<h3>Stilizare toamn\u0103\/iarn\u0103<\/h3>\n<p>\u00cen zilele mai reci, un trench negru este perfect ca element de purtat \u00een straturi. \u00cel po\u021bi combina cu pulovere mai groase \u0219i m\u00e2neci bufante. De asemenea, merit\u0103 s\u0103 adaugi o e\u0219arf\u0103, m\u0103nu\u0219i \u0219i o c\u0103ciul\u0103. \u00cen ofert\u0103 vei g\u0103si multe modele care se vor potrivi perfect \u021binutelor de iarn\u0103.<\/p>\n<h2>Cum s\u0103 ai grij\u0103 de un trench negru?<\/h2>\n<p>Pentru a p\u0103stra trench-ul negru \u00een stare impecabil\u0103 timp de mai multe sezoane, exist\u0103 c\u00e2teva reguli de urmat. Iat\u0103 c\u00e2teva sfaturi de \u00eengrijire:<\/p>\n<ul>\n<li>Cur\u0103\u021ba\u021bi trench-ul regulat, \u00een func\u021bie de material (sp\u0103lare, cur\u0103\u021bare chimic\u0103 etc.).<\/li>\n<li>A se p\u0103stra \u00eentr-un loc uscat pentru a evita umezeala.<\/li>\n<li>Nu expune\u021bi materialul la lumina puternic\u0103 a soarelui pentru a preveni decolorarea acestuia.<\/li>\n<\/ul>\n<h2>Rezumat<\/h2>\n<p>Trench-urile negre sunt un element de baz\u0103 incontestabil \u00een garderob\u0103, care combin\u0103 elegan\u021ba, stilul \u0219i func\u021bionalitatea. Atemporalitatea \u0219i versatilitatea lor le fac alegerea perfect\u0103 pentru orice sezon. Indiferent de sezon, merit\u0103 s\u0103 le ai \u00een garderob\u0103, iar un stil iscusit \u00ee\u021bi va permite s\u0103 creezi multe combina\u021bii creative. De asemenea, nu uita s\u0103 ai grij\u0103 de ele pentru a te putea bucura de modelul t\u0103u preferat mul\u021bi ani.<\/p>\n<h2>\u00centreb\u0103ri frecvente<\/h2>\n<ul>\n<li><strong>Se potrive\u0219te un trench negru oric\u0103rui stil?<\/strong> Da, un trench negru este versatil \u0219i poate fi purtat cu o varietate de stiluri, de la casual la elegant.<\/li>\n<li><strong>Ce accesorii se potrivesc cel mai bine cu un trench negru?<\/strong> Accesoriile simple \u00een culori neutre func\u021bioneaz\u0103 cel mai bine, cum ar fi o geant\u0103 de piele sau pantofi elegan\u021bi.<\/li>\n<li><strong>Se poate purta un trench negru prim\u0103vara?<\/strong> Desigur! Trench-urile negre sunt perfecte pentru zilele de prim\u0103var\u0103, c\u00e2nd pot fi combinate cu haine mai lejere.<\/li>\n<li><strong>Ce materiale sunt cele mai potrivite pentru un trench negru?<\/strong> Cele mai comune alegeri sunt trench-urile confec\u021bionate din bumbac, l\u00e2n\u0103 sau un amestec de materiale, care asigur\u0103 confort \u0219i un aspect estetic.<\/li>\n<li><strong>Unde s\u0103 cumperi un trench negru de \u00eenalt\u0103 calitate?<\/strong> Merit\u0103 s\u0103 cau\u021bi \u00een magazine de \u00eembr\u0103c\u0103minte reputate \u0219i pe site-uri web specializate \u00een \u00eembr\u0103c\u0103minte exterioar\u0103.<\/li>\n<\/ul>","protected":false},"excerpt":{"rendered":"<p>Trench-urile negre sunt una dintre acele piese vestimentare care nu numai c\u0103 nu \u00ee\u0219i pierd popularitatea de-a lungul anilor, dar chiar c\u00e2\u0219tig\u0103 \u00een importan\u021b\u0103. Elegan\u021ba \u0219i versatilitatea lor le fac o alegere excelent\u0103 pentru orice sezon. Indiferent dac\u0103 te \u00eembraci pentru o \u00eent\u00e2lnire casual cu prietenii sau te confrun\u021bi cu provocarea unei petreceri formale, un trench negru va ad\u0103uga clas\u0103 \u0219i stil look-ului t\u0103u. Cu detalii unice, cum ar fi nasturi, o curea \u00een talie \u0219i diverse materiale, un trench negru atrage aten\u021bia \u0219i \u00ee\u021bi accentueaz\u0103 stilul individual. Merit\u0103 s\u0103 te g\u00e2nde\u0219ti cum s\u0103 \u00eel \u00eencorporezi cel mai bine \u00een stilul t\u0103u de zi cu zi pentru a ie\u0219i \u00een eviden\u021b\u0103. \u00cen acest articol, vom descoperi secretele trench-urilor negre \u0219i vom \u00eenv\u0103\u021ba cum s\u0103 le por\u021bi tot timpul anului. Istoria trench-ului negru Trench-urile negre \u00ee\u0219i au r\u0103d\u0103cinile \u00een secolul al XIX-lea, c\u00e2nd erau purtate \u00een principal de solda\u021bi. Popularitatea lor a crescut \u00een r\u00e2ndul arti\u0219tilor \u0219i intelectualilor, care le vedeau ca un simbol al rebeliunii \u0219i modernit\u0103\u021bii. De-a lungul anilor, trench-urile au devenit un element extrem de la mod\u0103, \u00eenscriindu-se permanent \u00een canoanele lumii modei. Croiala \u0219i materialul unic au f\u0103cut ca trench-urile negre s\u0103 fie populare nu doar \u00een moda de zi cu zi, ci \u0219i pe podiumurile haute couture. \u00cenc\u0103 din anii 1960, trench-ul negru a c\u00e2\u0219tigat statutul de icoan\u0103 de stil, c\u00e2\u0219tig\u00e2nd popularitate \u00een r\u00e2ndul vedetelor \u0219i fashionistelor. A ap\u0103rut \u00een paginile revistelor de mod\u0103, inspir\u00e2nd mul\u021bi designeri. De ce sunt trench-urile negre atemporale? Trench-urile negre sunt un element care nu se demodeaz\u0103 niciodat\u0103. Culoarea lor universal\u0103 le face extrem de u\u0219or de stilizat. Se potrivesc mai bine dec\u00e2t majoritatea celorlalte articole de \u00eembr\u0103c\u0103minte, deoarece pot fi purtate tot timpul anului, ceea ce le face o investi\u021bie pe termen lung. \u00cen plus, un trench negru poate fi purtat \u00eentr-o varietate de moduri, ceea ce ofer\u0103 posibilit\u0103\u021bi nelimitate de creare a combina\u021biilor. Stilul \u0219i elegan\u021ba care eman\u0103 din fiecare trench v\u0103 vor asigura c\u0103 v\u0103 sim\u021bi\u021bi excep\u021bional\u0103 \u00een fiecare situa\u021bie. De asemenea, merit\u0103 ad\u0103ugat c\u0103 trench-urile negre se potrivesc oric\u0103rei siluete \u0219i stiluri. Stil \u0219i elegan\u021b\u0103 Nu exist\u0103 nicio \u00eendoial\u0103 c\u0103 un trench negru adaug\u0103 o not\u0103 de elegan\u021b\u0103 fiec\u0103rui stil. \u00cel pute\u021bi purta \u00een multe feluri, de la formal la complet casual. Iat\u0103 c\u00e2teva idei de stil cu un trench negru: Pentru birou: un trench negru cu o bluz\u0103 clasic\u0103 \u0219i pantaloni plisa\u021bi. Pentru o \u00eent\u00e2lnire: un trench negru cu o rochie elegant\u0103 \u0219i tocuri. Pentru zi de zi: un trench negru cu blugi \u0219i un tricou. Versatilitate Unul dintre avantajele cheie ale trench-urilor negre este versatilitatea lor. Datorit\u0103 culorii lor atemporale, acestea pot fi combinate cu multe alte nuan\u021be \u0219i modele. Pe l\u00e2ng\u0103 c\u0103m\u0103\u0219ile \u0219i blugii albi clasici, un trench negru poate fi asortat cu: Culori pastelate prim\u0103vara. Culori puternice, contrastante vara. Haine \u00een nuan\u021be neutre toamna \u0219i iarna. Cum s\u0103 por\u021bi un trench negru \u00een diferite anotimpuri? Trench-urile negre se potrivesc excelent \u00een diferite anotimpuri, iar caracterul \u0219i stilul lor pot fi adaptate sezonului. Prim\u0103vara \u0219i vara, sunt potrivite ca o p\u0103tur\u0103 u\u0219oar\u0103 peste rochiile maxi, iar toamna \u0219i iarna, pot fi purtate \u00een straturi, ceea ce adaug\u0103 stil \u0219i c\u0103ldur\u0103. Stilul prim\u0103var\u0103-var\u0103 Vara, un trench negru poate fi un accent excelent pentru rochii \u0219i pantaloni scur\u021bi. Alege materiale u\u0219oare, care vor oferi confort \u0219i elegan\u021b\u0103. Po\u021bi ad\u0103uga \u0219i accesorii colorate pentru a \u00eenviora \u00eentregul stil. Iat\u0103 c\u00e2teva exemple de seturi: Elemente de stil Trench de zi cu zi, blugi, tricou, adida\u0219i Trench elegant, rochie, tocuri \u00eenalte Trench casual, fust\u0103, top scurt Stil toamn\u0103-iarn\u0103 \u00cen zilele mai reci, un trench negru func\u021bioneaz\u0103 excelent ca element de suprapunere. \u00cel po\u021bi combina cu pulovere mai groase \u0219i m\u00e2neci bufante. De asemenea, merit\u0103 s\u0103 adaugi o e\u0219arf\u0103, m\u0103nu\u0219i \u0219i o c\u0103ciul\u0103. Oferta include multe modele care se vor potrivi perfect stilurilor de iarn\u0103. Cum s\u0103 \u00eengrije\u0219ti un trench negru? Pentru ca trench-ul t\u0103u negru s\u0103 \u00ee\u0219i p\u0103streze aspectul grozav timp de mai multe sezoane, ar trebui s\u0103 respec\u021bi c\u00e2teva reguli. Iat\u0103 c\u00e2teva sfaturi de \u00eengrijire: Cur\u0103\u021beaz\u0103 trench-ul \u00een mod regulat, \u00een func\u021bie de material (sp\u0103lare, cur\u0103\u021bare chimic\u0103 etc.). Depoziteaz\u0103 \u00eentr-un loc uscat pentru a evita umezeala. Nu-l expune la lumina intens\u0103 a soarelui, astfel \u00eenc\u00e2t materialul s\u0103 nu se decoloreze. Rezumat Trench-urile negre sunt un articol de garderob\u0103 incontestabil care combin\u0103 elegan\u021ba, stilul \u0219i func\u021bionalitatea. Atemporalitatea \u0219i versatilitatea lor le fac o alegere ideal\u0103 pentru fiecare sezon. Indiferent de anotimp, merit\u0103 s\u0103 le ai \u00een garderob\u0103, iar un stil iscusit \u00ee\u021bi va permite s\u0103 faci multe combina\u021bii creative. De asemenea, nu uita s\u0103 le \u00eengrije\u0219ti corespunz\u0103tor, astfel \u00eenc\u00e2t s\u0103 te po\u021bi bucura de modelul t\u0103u preferat mul\u021bi ani. \u00centreb\u0103ri frecvente Se potrive\u0219te un trench negru cu orice stil? Da, un trench negru este versatil \u0219i poate fi asortat cu diverse stiluri, de la casual la elegant. Ce accesorii se potrivesc cel mai bine cu un trench negru? Accesoriile simple \u00een culori neutre func\u021bioneaz\u0103 cel mai bine, cum ar fi o geant\u0103 de piele sau pantofi elegan\u021bi. Se poate purta un trench negru prim\u0103vara? Desigur! Trench-urile negre sunt ideale pentru zilele de prim\u0103var\u0103, unde pot fi combinate cu haine mai u\u0219oare. Ce materiale sunt cele mai potrivite pentru un trench negru? Cel mai adesea se aleg trench-urile din bumbac, l\u00e2n\u0103 sau un amestec de materiale, ceea ce asigur\u0103 confort \u0219i un aspect estetic. De unde s\u0103 cumperi un trench negru de \u00eenalt\u0103 calitate? Merit\u0103 s\u0103 cau\u021bi \u00een magazine de \u00eembr\u0103c\u0103minte de renume \u0219i pe site-uri web specializate \u00een articole de \u00eembr\u0103c\u0103minte exterioar\u0103.<\/p>","protected":false},"author":2,"featured_media":378,"comment_status":"closed","ping_status":"closed","sticky":false,"template":"","format":"standard","meta":{"_acf_changed":false,"footnotes":""},"categories":[1],"tags":[],"class_list":["post-384","post","type-post","status-publish","format-standard","has-post-thumbnail","hentry","category-blog"],"acf":[],"yoast_head":"<!-- This site is optimized with the Yoast SEO plugin v23.2 - https:\/\/yoast.com\/wordpress\/plugins\/seo\/ -->\n<title>Czarne trencze: Klasyka i wszechstronno\u015b\u0107 na ka\u017cd\u0105 por\u0119 roku<\/title>\n<meta name=\"description\" content=\"Odkryj, dlaczego czarny trencz to ponadczasowy wyb\u00f3r, kt\u00f3ry pasuje do ka\u017cdej stylizacji w ka\u017cdych warunkach!\" \/>\n<meta name=\"robots\" content=\"index, follow, max-snippet:-1, max-image-preview:large, max-video-preview:-1\" \/>\n<link rel=\"canonical\" href=\"https:\/\/bentkowski.com.pl\/ro\/czarne-trencze-ponadczasowy-wybor-na-kazda-pore\/\" \/>\n<meta property=\"og:locale\" content=\"ro_RO\" \/>\n<meta property=\"og:type\" content=\"article\" \/>\n<meta property=\"og:title\" content=\"Czarne trencze: Klasyka i wszechstronno\u015b\u0107 na ka\u017cd\u0105 por\u0119 roku\" \/>\n<meta property=\"og:description\" content=\"Odkryj, dlaczego czarny trencz to ponadczasowy wyb\u00f3r, kt\u00f3ry pasuje do ka\u017cdej stylizacji w ka\u017cdych warunkach!\" \/>\n<meta property=\"og:url\" content=\"https:\/\/bentkowski.com.pl\/ro\/czarne-trencze-ponadczasowy-wybor-na-kazda-pore\/\" \/>\n<meta property=\"og:site_name\" content=\"bentkowski.com.pl\" \/>\n<meta property=\"article:published_time\" content=\"2025-01-26T00:00:00+00:00\" \/>\n<meta property=\"article:modified_time\" content=\"2025-02-24T14:05:55+00:00\" \/>\n<meta property=\"og:image\" content=\"https:\/\/bentkowski.com.pl\/wp-content\/uploads\/imagea4dd03dafefb45f980ca6cfe91bb3142.png\" \/>\n\t<meta property=\"og:image:width\" content=\"1024\" \/>\n\t<meta property=\"og:image:height\" content=\"768\" \/>\n\t<meta property=\"og:image:type\" content=\"image\/png\" \/>\n<meta name=\"author\" content=\"Natalia Gawro\u0144ska\" \/>\n<meta name=\"twitter:card\" content=\"summary_large_image\" \/>\n<meta name=\"twitter:label1\" content=\"Scris de\" \/>\n\t<meta name=\"twitter:data1\" content=\"Natalia Gawro\u0144ska\" \/>\n\t<meta name=\"twitter:label2\" content=\"Timp estimat pentru citire\" \/>\n\t<meta name=\"twitter:data2\" content=\"5 minute\" \/>\n<script type=\"application\/ld+json\" class=\"yoast-schema-graph\">{\"@context\":\"https:\/\/schema.org\",\"@graph\":[{\"@type\":\"WebPage\",\"@id\":\"https:\/\/bentkowski.com.pl\/czarne-trencze-ponadczasowy-wybor-na-kazda-pore\/\",\"url\":\"https:\/\/bentkowski.com.pl\/czarne-trencze-ponadczasowy-wybor-na-kazda-pore\/\",\"name\":\"Czarne trencze: Klasyka i wszechstronno\u015b\u0107 na ka\u017cd\u0105 por\u0119 roku\",\"isPartOf\":{\"@id\":\"https:\/\/bentkowski.com.pl\/#website\"},\"primaryImageOfPage\":{\"@id\":\"https:\/\/bentkowski.com.pl\/czarne-trencze-ponadczasowy-wybor-na-kazda-pore\/#primaryimage\"},\"image\":{\"@id\":\"https:\/\/bentkowski.com.pl\/czarne-trencze-ponadczasowy-wybor-na-kazda-pore\/#primaryimage\"},\"thumbnailUrl\":\"https:\/\/bentkowski.com.pl\/wp-content\/uploads\/imagea4dd03dafefb45f980ca6cfe91bb3142.png\",\"datePublished\":\"2025-01-26T00:00:00+00:00\",\"dateModified\":\"2025-02-24T14:05:55+00:00\",\"author\":{\"@id\":\"https:\/\/bentkowski.com.pl\/#\/schema\/person\/a3ebf1fa1a9f09c722ed5a0b65529edd\"},\"description\":\"Odkryj, dlaczego czarny trencz to ponadczasowy wyb\u00f3r, kt\u00f3ry pasuje do ka\u017cdej stylizacji w ka\u017cdych warunkach!\",\"breadcrumb\":{\"@id\":\"https:\/\/bentkowski.com.pl\/czarne-trencze-ponadczasowy-wybor-na-kazda-pore\/#breadcrumb\"},\"inLanguage\":\"ro-RO\",\"potentialAction\":[{\"@type\":\"ReadAction\",\"target\":[\"https:\/\/bentkowski.com.pl\/czarne-trencze-ponadczasowy-wybor-na-kazda-pore\/\"]}]},{\"@type\":\"ImageObject\",\"inLanguage\":\"ro-RO\",\"@id\":\"https:\/\/bentkowski.com.pl\/czarne-trencze-ponadczasowy-wybor-na-kazda-pore\/#primaryimage\",\"url\":\"https:\/\/bentkowski.com.pl\/wp-content\/uploads\/imagea4dd03dafefb45f980ca6cfe91bb3142.png\",\"contentUrl\":\"https:\/\/bentkowski.com.pl\/wp-content\/uploads\/imagea4dd03dafefb45f980ca6cfe91bb3142.png\",\"width\":1024,\"height\":768},{\"@type\":\"BreadcrumbList\",\"@id\":\"https:\/\/bentkowski.com.pl\/czarne-trencze-ponadczasowy-wybor-na-kazda-pore\/#breadcrumb\",\"itemListElement\":[{\"@type\":\"ListItem\",\"position\":1,\"name\":\"Home\",\"item\":\"https:\/\/bentkowski.com.pl\/\"},{\"@type\":\"ListItem\",\"position\":2,\"name\":\"Czarne trencze: ponadczasowy wyb\u00f3r na ka\u017cd\u0105 por\u0119\"}]},{\"@type\":\"WebSite\",\"@id\":\"https:\/\/bentkowski.com.pl\/#website\",\"url\":\"https:\/\/bentkowski.com.pl\/\",\"name\":\"bentkowski.com.pl\",\"description\":\"Buty i ich znaczenie: styl, osobowo\u015b\u0107 i ekologia na Twoich stopach.\",\"potentialAction\":[{\"@type\":\"SearchAction\",\"target\":{\"@type\":\"EntryPoint\",\"urlTemplate\":\"https:\/\/bentkowski.com.pl\/?s={search_term_string}\"},\"query-input\":\"required name=search_term_string\"}],\"inLanguage\":\"ro-RO\"},{\"@type\":\"Person\",\"@id\":\"https:\/\/bentkowski.com.pl\/#\/schema\/person\/a3ebf1fa1a9f09c722ed5a0b65529edd\",\"name\":\"Natalia Gawro\u0144ska\",\"image\":{\"@type\":\"ImageObject\",\"inLanguage\":\"ro-RO\",\"@id\":\"https:\/\/bentkowski.com.pl\/#\/schema\/person\/image\/\",\"url\":\"https:\/\/bentkowski.com.pl\/wp-content\/uploads\/natalia-gawronska_avatar-96x96.jpg\",\"contentUrl\":\"https:\/\/bentkowski.com.pl\/wp-content\/uploads\/natalia-gawronska_avatar-96x96.jpg\",\"caption\":\"Natalia Gawro\u0144ska\"},\"description\":\"Jako ekspertka mody z ponad dziesi\u0119cioletnim do\u015bwiadczeniem, \u0142\u0105cz\u0119 pisanie dla magazyn\u00f3w i portali z prac\u0105 stylistki wsp\u00f3\u0142pracuj\u0105cej z renomowanymi markami. Moje podej\u015bcie do stylizacji opiera si\u0119 na zrozumieniu indywidualnych preferencji i sylwetki klienta, poniewa\u017c wierz\u0119, \u017ce moda to nie tylko ubrania, ale forma wyra\u017cania siebie i kszta\u0142towania to\u017csamo\u015bci.\",\"url\":\"https:\/\/bentkowski.com.pl\/ro\/author\/natalia-gawronska\/\"}]}<\/script>\n<!-- \/ Yoast SEO plugin. -->","yoast_head_json":{"title":"Czarne trencze: Klasyka i wszechstronno\u015b\u0107 na ka\u017cd\u0105 por\u0119 roku","description":"Odkryj, dlaczego czarny trencz to ponadczasowy wyb\u00f3r, kt\u00f3ry pasuje do ka\u017cdej stylizacji w ka\u017cdych warunkach!","robots":{"index":"index","follow":"follow","max-snippet":"max-snippet:-1","max-image-preview":"max-image-preview:large","max-video-preview":"max-video-preview:-1"},"canonical":"https:\/\/bentkowski.com.pl\/ro\/czarne-trencze-ponadczasowy-wybor-na-kazda-pore\/","og_locale":"ro_RO","og_type":"article","og_title":"Czarne trencze: Klasyka i wszechstronno\u015b\u0107 na ka\u017cd\u0105 por\u0119 roku","og_description":"Odkryj, dlaczego czarny trencz to ponadczasowy wyb\u00f3r, kt\u00f3ry pasuje do ka\u017cdej stylizacji w ka\u017cdych warunkach!","og_url":"https:\/\/bentkowski.com.pl\/ro\/czarne-trencze-ponadczasowy-wybor-na-kazda-pore\/","og_site_name":"bentkowski.com.pl","article_published_time":"2025-01-26T00:00:00+00:00","article_modified_time":"2025-02-24T14:05:55+00:00","og_image":[{"width":1024,"height":768,"url":"https:\/\/bentkowski.com.pl\/wp-content\/uploads\/imagea4dd03dafefb45f980ca6cfe91bb3142.png","type":"image\/png"}],"author":"Natalia Gawro\u0144ska","twitter_card":"summary_large_image","twitter_misc":{"Scris de":"Natalia Gawro\u0144ska","Timp estimat pentru citire":"5 minute"},"schema":{"@context":"https:\/\/schema.org","@graph":[{"@type":"WebPage","@id":"https:\/\/bentkowski.com.pl\/czarne-trencze-ponadczasowy-wybor-na-kazda-pore\/","url":"https:\/\/bentkowski.com.pl\/czarne-trencze-ponadczasowy-wybor-na-kazda-pore\/","name":"Czarne trencze: Klasyka i wszechstronno\u015b\u0107 na ka\u017cd\u0105 por\u0119 roku","isPartOf":{"@id":"https:\/\/bentkowski.com.pl\/#website"},"primaryImageOfPage":{"@id":"https:\/\/bentkowski.com.pl\/czarne-trencze-ponadczasowy-wybor-na-kazda-pore\/#primaryimage"},"image":{"@id":"https:\/\/bentkowski.com.pl\/czarne-trencze-ponadczasowy-wybor-na-kazda-pore\/#primaryimage"},"thumbnailUrl":"https:\/\/bentkowski.com.pl\/wp-content\/uploads\/imagea4dd03dafefb45f980ca6cfe91bb3142.png","datePublished":"2025-01-26T00:00:00+00:00","dateModified":"2025-02-24T14:05:55+00:00","author":{"@id":"https:\/\/bentkowski.com.pl\/#\/schema\/person\/a3ebf1fa1a9f09c722ed5a0b65529edd"},"description":"Odkryj, dlaczego czarny trencz to ponadczasowy wyb\u00f3r, kt\u00f3ry pasuje do ka\u017cdej stylizacji w ka\u017cdych warunkach!","breadcrumb":{"@id":"https:\/\/bentkowski.com.pl\/czarne-trencze-ponadczasowy-wybor-na-kazda-pore\/#breadcrumb"},"inLanguage":"ro-RO","potentialAction":[{"@type":"ReadAction","target":["https:\/\/bentkowski.com.pl\/czarne-trencze-ponadczasowy-wybor-na-kazda-pore\/"]}]},{"@type":"ImageObject","inLanguage":"ro-RO","@id":"https:\/\/bentkowski.com.pl\/czarne-trencze-ponadczasowy-wybor-na-kazda-pore\/#primaryimage","url":"https:\/\/bentkowski.com.pl\/wp-content\/uploads\/imagea4dd03dafefb45f980ca6cfe91bb3142.png","contentUrl":"https:\/\/bentkowski.com.pl\/wp-content\/uploads\/imagea4dd03dafefb45f980ca6cfe91bb3142.png","width":1024,"height":768},{"@type":"BreadcrumbList","@id":"https:\/\/bentkowski.com.pl\/czarne-trencze-ponadczasowy-wybor-na-kazda-pore\/#breadcrumb","itemListElement":[{"@type":"ListItem","position":1,"name":"Home","item":"https:\/\/bentkowski.com.pl\/"},{"@type":"ListItem","position":2,"name":"Czarne trencze: ponadczasowy wyb\u00f3r na ka\u017cd\u0105 por\u0119"}]},{"@type":"WebSite","@id":"https:\/\/bentkowski.com.pl\/#website","url":"https:\/\/bentkowski.com.pl\/","name":"bentkowski.com.pl","description":"Buty i ich znaczenie: styl, osobowo\u015b\u0107 i ekologia na Twoich stopach.","potentialAction":[{"@type":"SearchAction","target":{"@type":"EntryPoint","urlTemplate":"https:\/\/bentkowski.com.pl\/?s={search_term_string}"},"query-input":"required name=search_term_string"}],"inLanguage":"ro-RO"},{"@type":"Person","@id":"https:\/\/bentkowski.com.pl\/#\/schema\/person\/a3ebf1fa1a9f09c722ed5a0b65529edd","name":"Natalia Gawro\u0144ska","image":{"@type":"ImageObject","inLanguage":"ro-RO","@id":"https:\/\/bentkowski.com.pl\/#\/schema\/person\/image\/","url":"https:\/\/bentkowski.com.pl\/wp-content\/uploads\/natalia-gawronska_avatar-96x96.jpg","contentUrl":"https:\/\/bentkowski.com.pl\/wp-content\/uploads\/natalia-gawronska_avatar-96x96.jpg","caption":"Natalia Gawro\u0144ska"},"description":"Jako ekspertka mody z ponad dziesi\u0119cioletnim do\u015bwiadczeniem, \u0142\u0105cz\u0119 pisanie dla magazyn\u00f3w i portali z prac\u0105 stylistki wsp\u00f3\u0142pracuj\u0105cej z renomowanymi markami. Moje podej\u015bcie do stylizacji opiera si\u0119 na zrozumieniu indywidualnych preferencji i sylwetki klienta, poniewa\u017c wierz\u0119, \u017ce moda to nie tylko ubrania, ale forma wyra\u017cania siebie i kszta\u0142towania to\u017csamo\u015bci.","url":"https:\/\/bentkowski.com.pl\/ro\/author\/natalia-gawronska\/"}]}},"yoast_meta":{"yoast_wpseo_title":"","yoast_wpseo_metadesc":"","yoast_wpseo_canonical":"https:\/\/bentkowski.com.pl\/ro\/wp-json\/wp\/v2\/posts\/384"},"_links":{"self":[{"href":"https:\/\/bentkowski.com.pl\/ro\/wp-json\/wp\/v2\/posts\/384"}],"collection":[{"href":"https:\/\/bentkowski.com.pl\/ro\/wp-json\/wp\/v2\/posts"}],"about":[{"href":"https:\/\/bentkowski.com.pl\/ro\/wp-json\/wp\/v2\/types\/post"}],"author":[{"embeddable":true,"href":"https:\/\/bentkowski.com.pl\/ro\/wp-json\/wp\/v2\/users\/2"}],"replies":[{"embeddable":true,"href":"https:\/\/bentkowski.com.pl\/ro\/wp-json\/wp\/v2\/comments?post=384"}],"version-history":[{"count":2,"href":"https:\/\/bentkowski.com.pl\/ro\/wp-json\/wp\/v2\/posts\/384\/revisions"}],"predecessor-version":[{"id":495,"href":"https:\/\/bentkowski.com.pl\/ro\/wp-json\/wp\/v2\/posts\/384\/revisions\/495"}],"wp:featuredmedia":[{"embeddable":true,"href":"https:\/\/bentkowski.com.pl\/ro\/wp-json\/wp\/v2\/media\/378"}],"wp:attachment":[{"href":"https:\/\/bentkowski.com.pl\/ro\/wp-json\/wp\/v2\/media?parent=384"}],"wp:term":[{"taxonomy":"category","embeddable":true,"href":"https:\/\/bentkowski.com.pl\/ro\/wp-json\/wp\/v2\/categories?post=384"},{"taxonomy":"post_tag","embeddable":true,"href":"https:\/\/bentkowski.com.pl\/ro\/wp-json\/wp\/v2\/tags?post=384"}],"curies":[{"name":"wp","href":"https:\/\/api.w.org\/{rel}","templated":true}]}}